{"id":762,"date":"2023-02-13T20:38:04","date_gmt":"2023-02-13T19:38:04","guid":{"rendered":"https:\/\/proyectoadicciones.com\/revista\/introduccion-a-la-salud-mental-2\/"},"modified":"2023-04-08T17:14:54","modified_gmt":"2023-04-08T15:14:54","slug":"introduccion-a-la-salud-mental-2","status":"publish","type":"post","link":"https:\/\/proyectoadicciones.com\/revista\/introduccion-a-la-salud-mental-2\/","title":{"rendered":"Introducci\u00f3n A La Salud Mental"},"content":{"rendered":"<h2 style=\"text-align: left\">Resumen de contenidos<\/h2>\n<p>Contesta las siguientes preguntas y practica las bases te\u00f3ricas de este cap\u00edtulo. No olvides analizar y responder de acuerdo a lo que entendiste.<\/p>\n<ol>\n<li>\u00bfCu\u00e1les son los aspectos que se deben evaluar durante el proceso de exploraci\u00f3n f\u00edsica?<\/li>\n<li>\u00bfQu\u00e9 cuatro fases hay que seguir durante el proceso de evaluaci\u00f3n psicol\u00f3gica?<\/li>\n<li>Define los dos trastornos m\u00e1s comunes en alimentaci\u00f3n.<\/li>\n<li>Nombra los tres tipos de trastornos causados por sustancias.<\/li>\n<li>\u00bfCu\u00e1les son los tres grupos distintos de trastornos de personalidad? Explica en qu\u00e9 se basa cada uno y menciona sus respectivos trastornos.<\/li>\n<\/ol>\n<h2>\u00bfC\u00f3mo definir mejor la salud mental?<\/h2>\n<ul>\n<li>La salud mental es el estado biol\u00f3gico, psicol\u00f3gico, social y econ\u00f3mico que permite la plena realizaci\u00f3n o desarrollo de las capacidades del individuo.<\/li>\n<li>La enfermedad mental es una alteraci\u00f3n de los procesos cognitivos y afectivos del desarrollo, considerada como anormal con respecto al grupo social al que pertenece el individuo.<\/li>\n<li>Los trastornos mentales producen s\u00edntomas observables en la persona afectada. Entre ellos pueden figurar: s\u00edntomas f\u00edsicos, s\u00edntomas afectivos, s\u00edntomas cognitivos, s\u00edntomas del comportamiento o alteraciones perceptivas.<\/li>\n<li>La discapacidad se define como un t\u00e9rmino general que abarca los des\u00f3rdenes, las limitaciones y las restricciones de la participaci\u00f3n. La discapacidad mental la conceptualizamos como una limitaci\u00f3n importante en el funcionamiento cognitivo y est\u00e1 asociada a un d\u00e9ficit en la conducta adaptativa.<\/li>\n<li>El concepto de incapacidad mental implica que la persona no est\u00e1 capacitada para tomar decisiones por s\u00ed misma y necesitar\u00e1 un tutor designado legalmente que lo haga por ella.<\/li>\n<li>La enajenaci\u00f3n se comprende como la ausencia de sensatez mental. Este t\u00e9rmino se acerca al de incapacidad mental, pero no coincide con \u00e9l.<\/li>\n<li>Un adecuado funcionamiento de los diferentes aspectos de la esfera ps\u00edquica \u2014afectividad, cognici\u00f3n, ejecuci\u00f3n, metapsicolog\u00eda\u2014 consolida una correcta salud ps\u00edquica.<\/li>\n<li>La salud mental tiene tres grandes condicionantes: la neurobiolog\u00eda, la personalidad y los factores ambientales. Todos ejercen grados variables de condicionamiento sobre la salud mental, pudi\u00e9ndolo hacer en diferente medida durante el ciclo vital y dependiendo de las situaciones en las que se encuentre la persona.<\/li>\n<li>Las experiencias de vida, los sucesos vitales estresantes, los cambios biol\u00f3gicos de la persona o los momentos de la vida familiar, entre otros, pueden condicionar el desarrollo de un trastorno mental.<\/li>\n<li>En el conjunto de medidas destinadas a favorecer la salud mental se pueden distinguir tres niveles de actuaci\u00f3n: primario, secundario y terciario.<\/li>\n<\/ul>\n\n\n<hr class=\"wp-block-separator has-alpha-channel-opacity\" \/>\n","protected":false},"excerpt":{"rendered":"<p>Resumen de contenidos Contesta las siguientes preguntas y practica las bases te\u00f3ricas de este cap\u00edtulo. No olvides analizar y responder de acuerdo a lo que entendiste. \u00bfCu\u00e1les son los aspectos que se deben evaluar durante el proceso de exploraci\u00f3n f\u00edsica? \u00bfQu\u00e9 cuatro fases hay que seguir durante el proceso de evaluaci\u00f3n psicol\u00f3gica? Define los dos [&hellip;]<\/p>\n","protected":false},"author":2,"featured_media":292,"comment_status":"open","ping_status":"closed","sticky":false,"template":"","format":"standard","meta":{"_acf_changed":false,"site-sidebar-layout":"default","site-content-layout":"","ast-site-content-layout":"default","site-content-style":"default","site-sidebar-style":"default","ast-global-header-display":"","ast-banner-title-visibility":"","ast-main-header-display":"","ast-hfb-above-header-display":"","ast-hfb-below-header-display":"","ast-hfb-mobile-header-display":"","site-post-title":"","ast-breadcrumbs-content":"","ast-featured-img":"","footer-sml-layout":"","ast-disable-related-posts":"","theme-transparent-header-meta":"","adv-header-id-meta":"","stick-header-meta":"","header-above-stick-meta":"","header-main-stick-meta":"","header-below-stick-meta":"","astra-migrate-meta-layouts":"default","ast-page-background-enabled":"default","ast-page-background-meta":{"desktop":{"background-color":"var(--ast-global-color-4)","background-image":"","background-repeat":"repeat","background-position":"center center","background-size":"auto","background-attachment":"scroll","background-type":"","background-media":"","overlay-type":"","overlay-color":"","overlay-opacity":"","overlay-gradient":""},"tablet":{"background-color":"","background-image":"","background-repeat":"repeat","background-position":"center center","background-size":"auto","background-attachment":"scroll","background-type":"","background-media":"","overlay-type":"","overlay-color":"","overlay-opacity":"","overlay-gradient":""},"mobile":{"background-color":"","background-image":"","background-repeat":"repeat","background-position":"center center","background-size":"auto","background-attachment":"scroll","background-type":"","background-media":"","overlay-type":"","overlay-color":"","overlay-opacity":"","overlay-gradient":""}},"ast-content-background-meta":{"desktop":{"background-color":"var(--ast-global-color-5)","background-image":"","background-repeat":"repeat","background-position":"center center","background-size":"auto","background-attachment":"scroll","background-type":"","background-media":"","overlay-type":"","overlay-color":"","overlay-opacity":"","overlay-gradient":""},"tablet":{"background-color":"var(--ast-global-color-5)","background-image":"","background-repeat":"repeat","background-position":"center center","background-size":"auto","background-attachment":"scroll","background-type":"","background-media":"","overlay-type":"","overlay-color":"","overlay-opacity":"","overlay-gradient":""},"mobile":{"background-color":"var(--ast-global-color-5)","background-image":"","background-repeat":"repeat","background-position":"center center","background-size":"auto","background-attachment":"scroll","background-type":"","background-media":"","overlay-type":"","overlay-color":"","overlay-opacity":"","overlay-gradient":""}},"ultp_fs_post_author":"","ultp_fs_post_email":"","ultp_fs_post_author_url":"","footnotes":""},"categories":[397],"tags":[208,17,156,35],"class_list":["post-762","post","type-post","status-publish","format-standard","has-post-thumbnail","hentry","category-salud-mental","tag-adiccion","tag-adolescentes","tag-estigma","tag-tratamiento"],"acf":[],"_links":{"self":[{"href":"https:\/\/proyectoadicciones.com\/revista\/wp-json\/wp\/v2\/posts\/762","targetHints":{"allow":["GET"]}}],"collection":[{"href":"https:\/\/proyectoadicciones.com\/revista\/wp-json\/wp\/v2\/posts"}],"about":[{"href":"https:\/\/proyectoadicciones.com\/revista\/wp-json\/wp\/v2\/types\/post"}],"author":[{"embeddable":true,"href":"https:\/\/proyectoadicciones.com\/revista\/wp-json\/wp\/v2\/users\/2"}],"replies":[{"embeddable":true,"href":"https:\/\/proyectoadicciones.com\/revista\/wp-json\/wp\/v2\/comments?post=762"}],"version-history":[{"count":0,"href":"https:\/\/proyectoadicciones.com\/revista\/wp-json\/wp\/v2\/posts\/762\/revisions"}],"wp:featuredmedia":[{"embeddable":true,"href":"https:\/\/proyectoadicciones.com\/revista\/wp-json\/wp\/v2\/media\/292"}],"wp:attachment":[{"href":"https:\/\/proyectoadicciones.com\/revista\/wp-json\/wp\/v2\/media?parent=762"}],"wp:term":[{"taxonomy":"category","embeddable":true,"href":"https:\/\/proyectoadicciones.com\/revista\/wp-json\/wp\/v2\/categories?post=762"},{"taxonomy":"post_tag","embeddable":true,"href":"https:\/\/proyectoadicciones.com\/revista\/wp-json\/wp\/v2\/tags?post=762"}],"curies":[{"name":"wp","href":"https:\/\/api.w.org\/{rel}","templated":true}]}}