{"id":576,"date":"2023-01-24T03:42:00","date_gmt":"2023-01-24T02:42:00","guid":{"rendered":"https:\/\/proyectoadicciones.com\/revista\/datos-consumo-cocaina-espana-2\/"},"modified":"2023-04-08T17:15:53","modified_gmt":"2023-04-08T15:15:53","slug":"consumo-de-cocaina-en-espana","status":"publish","type":"post","link":"https:\/\/proyectoadicciones.com\/revista\/consumo-de-cocaina-en-espana\/","title":{"rendered":"Consumo De Coca\u00edna En Espa\u00f1a"},"content":{"rendered":"\n<h2 class=\"wp-block-heading\" id=\"Espa\u00f1a_l\u00edder_de_la_UE_en_consumo_de_coca\u00edna_y_cannabis\">Espa\u00f1a l\u00edder de la UE en consumo de <strong>coca\u00edna y cannabis<\/strong><\/h2>\n\n\n\n<hr class=\"wp-block-separator has-alpha-channel-opacity\"\/>\n\n\n\n<p class=\"has-drop-cap\">Espa\u00f1a se mantiene -junto a pa\u00edses como Reino Unido o Francia- como l\u00edder de la UE en consumo de coca\u00edna y cannabis entre los j\u00f3venes, aunque el uso de estas sustancias sigue disminuyendo desde el m\u00e1ximo alcanzado en 2008, seg\u00fan el informe anual del Observatorio Europeo de las Drogas publicado este jueves. El consumo de coca\u00edna en Espa\u00f1a lidera en la UE los datos registrados.<\/p>\n\n\n\n<p>Se estima que unos 2,3 millones de adultos j\u00f3venes de entre 15 y 34 a\u00f1os (el 1,9% de este grupo de edad) consumieron coca\u00edna en el \u00faltimo a\u00f1o, que sigue siendo la droga estimulante ilegal m\u00e1s utilizada en Europa. Espa\u00f1a ocupa el segundo lugar en el ranking ya que el 3,3% de los j\u00f3venes han recurrido a la coca\u00edna durante los \u00faltimos 12 meses. La clasificaci\u00f3n la encabeza Reino Unido (con un 4,2% de prevalencia).<\/p>\n\n\n\n<p>No obstante, el estudio se\u00f1ala que \u00abEspa\u00f1a y el Reino Unido observaron una tendencia estad\u00edsticamente significativa de aumento en la prevalencia hasta 2008, mientras que luego esa tendencia cambi\u00f3 para quedar estable o disminuir\u00bb. El consumo de coca\u00edna baja tambi\u00e9n en Irlanda (2,8%) y Dinamarca (2,4%). Grecia es el pa\u00eds con menos uso de esta droga (0,2%).<\/p>\n\n\n\n<p>Los datos disponibles indican que el tr\u00e1fico de coca\u00edna a Europa -que proviene \u00abcasi exclusivamente\u00bb de Bolivia, Colombia y Per\u00fa- se produce principalmente a trav\u00e9s de los pa\u00edses de Europa Occidental y del sur, ya que Espa\u00f1a, B\u00e9lgica, Holanda, Francia e Italia totalizaron el 86% de las 62,6 toneladas incautadas en 2013. Aunque Espa\u00f1a contin\u00faa siendo el pa\u00eds en que m\u00e1s coca\u00edna se incauta (26,7 toneladas), existen signos de una constante diversificaci\u00f3n de las rutas de tr\u00e1fico hacia lugares como el Mediterr\u00e1neo Oriental, el mar B\u00e1ltico o el mar Negro, seg\u00fan el Observatorio.<\/p>\n\n\n\n<p>Por lo que se refiere al cannabis, se trata de la droga ilegal m\u00e1s consumida en todos los grupos de edad. Se estima que 14,5 millones de j\u00f3venes europeos (el 11,7% del total) lo probaron en el \u00faltimo a\u00f1o. En Espa\u00f1a, este porcentaje aumenta hasta el 17%, s\u00f3lo superado por Francia (22,1%), Rep\u00fablica Checa (21,6%) y Dinamarca (17,6%). Tambi\u00e9n en este caso, \u00ablas encuestas de poblaci\u00f3n de Alemania, Espa\u00f1a y el Reino Unido muestran una reducci\u00f3n o prevalencia estable del cannabis en la \u00faltima d\u00e9cada\u00bb.<\/p>\n\n\n\n<blockquote class=\"wp-block-quote is-layout-flow wp-block-quote-is-layout-flow\">\n<p><strong>\u00abEn contraste, se observa un aumento de la prevalencia en Bulgaria, Francia y en tres pa\u00edses n\u00f3rdicos, Dinamarca, Finlandia y Suecia\u00bb, apunta el informe. El menor consumo de cannabis se detecta tambi\u00e9n en Grecia (3,2%).<\/strong><\/p>\n<cite>Fte EFE<\/cite><\/blockquote>\n\n\n\n<h2 class=\"wp-block-heading\" id=\"Estad\u00edsticas\"><strong>Estad\u00edsticas<\/strong><\/h2>\n\n\n\n<p>Espa\u00f1a est\u00e1 por debajo de la media de la UE en n\u00famero de muertes inducidas por drogas, con 383 casos entre j\u00f3venes por cada mill\u00f3n de habitantes, frente a 5.804 casos en Europa. Por lo que se refiere a diagn\u00f3sticos de VIH entre los consumidores de droga por v\u00eda parental, Espa\u00f1a registra 145 casos entre j\u00f3venes por cada mill\u00f3n de habitantes, por debajo del promedio comunitario (1.446).<\/p>\n\n\n\n<h2 class=\"wp-block-heading\" id=\"M\u00e1s_pureza_y_nuevas_drogas\"><strong>M\u00e1s pureza y nuevas drogas<\/strong><\/h2>\n\n\n\n<p>Aunque el consumo de hero\u00edna est\u00e1 en declive, el Observatorio avisa de que los cambios en el mercado exigen una vigilancia \u00abmeticulosa\u00bb. Las \u00faltimas estimaciones de la ONU indican que en 2013 y 2014 se produjo un incremento notable de la producci\u00f3n de opio en Afganist\u00e1n.<\/p>\n\n\n\n<blockquote class=\"wp-block-quote is-layout-flow wp-block-quote-is-layout-flow\">\n<p><strong>\u00abUn posible efecto en cadena de lo anterior podr\u00eda ser una mayor disponibilidad de hero\u00edna en el mercado europeo. Asimismo, se subraya indicios de innovaci\u00f3n en el mercado de la hero\u00edna, como la detecci\u00f3n de laboratorios de elaboraci\u00f3n de hero\u00edna en territorio europeo por primera vez desde la d\u00e9cada de 1970. En 2013 y 2014 se descubrieron en Espa\u00f1a dos laboratorios de transformaci\u00f3n de morfina en hero\u00edna\u00bb, destaca el informe.<\/strong><\/p>\n<\/blockquote>\n\n\n\n<h2 class=\"wp-block-heading\" id=\"Objetivos\"><strong>Objetivos<\/strong><\/h2>\n\n\n\n<p>El Observatorio alerta del \u00abmarcado aumento de la potencia y la pureza de las drogas ilegales de uso m\u00e1s extendido en Europa, lo que aviva la preocupaci\u00f3n por la salud de los consumidores\u00bb. Tambi\u00e9n se\u00f1ala que se detectan nuevas drogas a un ritmo de dos por semana, y que Internet est\u00e1 ganando protagonismo en el suministro y la comercializaci\u00f3n de sustancias estupefacientes. Si necesitas informaci\u00f3n:<\/p>\n\n\n\n<figure class=\"wp-block-embed is-type-video is-provider-tiktok wp-block-embed-tiktok\"><div class=\"wp-block-embed__wrapper\">\n<blockquote class=\"tiktok-embed\" cite=\"https:\/\/www.tiktok.com\/@adiccionyayuda\/video\/7191395588917824773\" data-video-id=\"7191395588917824773\" data-embed-from=\"oembed\" style=\"max-width:605px; min-width:325px;\"> <section> <a target=\"_blank\" title=\"@adiccionyayuda\" href=\"https:\/\/www.tiktok.com\/@adiccionyayuda?refer=embed\" rel=\"noopener\">@adiccionyayuda<\/a> <p>Adicci\u00f3n <a title=\"adicciones\" target=\"_blank\" href=\"https:\/\/www.tiktok.com\/tag\/adicciones?refer=embed\" rel=\"noopener\">#adicciones<\/a> <a title=\"teologia\" target=\"_blank\" href=\"https:\/\/www.tiktok.com\/tag\/teologia?refer=embed\" rel=\"noopener\">#teologia<\/a> \u2714\u2714<\/p> <a target=\"_blank\" title=\"\u266c sonido original - adiccionesygracia - Diego Calvo Merino\" href=\"https:\/\/www.tiktok.com\/music\/sonido-original-adiccionesygracia-7191396540639316742?refer=embed\" rel=\"noopener\">\u266c sonido original &#8211; adiccionesygracia &#8211; Diego Calvo Merino<\/a> <\/section> <\/blockquote> <script async src=\"https:\/\/www.tiktok.com\/embed.js\"><\/script>\n<\/div><figcaption class=\"wp-element-caption\"><a href=\"https:\/\/proyectoadicciones.com\/revista\/adiccion-y-depresion\/\" target=\"_blank\" data-type=\"post\" data-id=\"1630\" rel=\"noreferrer noopener\">El estudio de la adicci\u00f3n es apasionante<\/a><\/figcaption><\/figure>\n\n\n\n<h2 class=\"has-contrast-color has-base-3-background-color has-text-color has-background wp-block-heading\" id=\"Conclusiones_del_estudio\"><strong>Conclusiones del estudio<\/strong><\/h2>\n\n\n\n<p>\u25cf La coca\u00edna es la segunda droga ilegal m\u00e1s consumida en Espa\u00f1a, s\u00f3lo por detr\u00e1s del cannabis, y las prevalencias de consumo m\u00e1s elevadas se registran en los varones de 15- 34 a\u00f1os.<\/p>\n\n\n\n<p>\u25cf La presentaci\u00f3n m\u00e1s habitual es el clorhidrato de coca\u00edna y la v\u00eda de consumo m\u00e1s frecuente es la intranasal, aunque hay datos que indican que se ha incrementado mucho el consumo de coca\u00edna fumada en base.<\/p>\n\n\n\n<p>\u25cf La dependencia a coca\u00edna es un trastorno reconocido actualmente en las clasificaciones DSM-IV y CIE-10.<\/p>\n\n\n\n<p>\u25cf Las manifestaciones cl\u00ednicas del s\u00edndrome de abstinencia a la coca\u00edna son de tipo psicol\u00f3gico: agitaci\u00f3n, depresi\u00f3n, deseo intenso de coca\u00edna, fatiga, anhedonia, irritabilidad,<\/p>\n\n\n\n<p>\u25cf Hasta el momento el tratamiento farmacol\u00f3gico y la inmunoterapia para la dependencia a la coca\u00edna han obtenido escasos resultados.<\/p>\n\n\n\n<p>\u25cf En el plan de tratamiento de la dependencia a la coca\u00edna de cada paciente debe individualizarse la aplicaci\u00f3n de las distintas fases: desintoxicaci\u00f3n, deshabitaci\u00f3n\/prevenci\u00f3n de reca\u00eddas, incorporaci\u00f3n social y reducci\u00f3n de da\u00f1os.<\/p>\n\n\n\n<p>\u25cf Un equipo multidisciplinario debe abordar los factores biol\u00f3gicos, psicol\u00f3gicos y sociales que intervienen en la<\/p>\n\n\n\n<p>dependencia a la coca\u00edna de cada paciente.<\/p>\n\n\n\n<p>\u25cf En el momento actual no hay un tratamiento de elecci\u00f3n con resultados satisfactorios para la dependencia a la<\/p>\n\n\n\n<p>coca\u00edna.<\/p>\n\n\n\n<p>\u25cf La reducci\u00f3n de los riesgos y los da\u00f1os debe entenderse como una prevenci\u00f3n espec\u00edfica en personas o colectivos concretos, complementaria a la prevenci\u00f3n primaria, no como opuesta a ella.<\/p>\n\n\n\n<p>\u25cf Un abordaje realista seg\u00fan los nuevos modelos de prevenci\u00f3n indicada debe basarse en aspectos sanitarios y no incluir mensajes de tipo moral.<\/p>\n\n\n\n<h3 class=\"wp-block-heading\" id=\"Consultas_\"><span style=\"text-decoration: underline\"><span style=\"color: #ff0000\"><strong><a href=\"https:\/\/form.jotform.com\/211305726350042\" target=\"_blank\" rel=\"noreferrer noopener\">Consultas<\/a><\/strong><\/span><\/span> <\/h3>\n\n\n\n<hr class=\"wp-block-separator has-alpha-channel-opacity\"\/>\n","protected":false},"excerpt":{"rendered":"<p>Espa\u00f1a l\u00edder de la UE en consumo de coca\u00edna y cannabis Espa\u00f1a se mantiene -junto a pa\u00edses como Reino Unido o Francia- como l\u00edder de la UE en consumo de coca\u00edna y cannabis entre los j\u00f3venes, aunque el uso de estas sustancias sigue disminuyendo desde el m\u00e1ximo alcanzado en 2008, seg\u00fan el informe anual del [&hellip;]<\/p>\n","protected":false},"author":2,"featured_media":2103,"comment_status":"open","ping_status":"closed","sticky":false,"template":"","format":"standard","meta":{"_acf_changed":false,"site-sidebar-layout":"default","site-content-layout":"","ast-site-content-layout":"default","site-content-style":"default","site-sidebar-style":"default","ast-global-header-display":"","ast-banner-title-visibility":"","ast-main-header-display":"","ast-hfb-above-header-display":"","ast-hfb-below-header-display":"","ast-hfb-mobile-header-display":"","site-post-title":"","ast-breadcrumbs-content":"","ast-featured-img":"","footer-sml-layout":"","ast-disable-related-posts":"","theme-transparent-header-meta":"","adv-header-id-meta":"","stick-header-meta":"","header-above-stick-meta":"","header-main-stick-meta":"","header-below-stick-meta":"","astra-migrate-meta-layouts":"default","ast-page-background-enabled":"default","ast-page-background-meta":{"desktop":{"background-color":"var(--ast-global-color-4)","background-image":"","background-repeat":"repeat","background-position":"center center","background-size":"auto","background-attachment":"scroll","background-type":"","background-media":"","overlay-type":"","overlay-color":"","overlay-opacity":"","overlay-gradient":""},"tablet":{"background-color":"","background-image":"","background-repeat":"repeat","background-position":"center center","background-size":"auto","background-attachment":"scroll","background-type":"","background-media":"","overlay-type":"","overlay-color":"","overlay-opacity":"","overlay-gradient":""},"mobile":{"background-color":"","background-image":"","background-repeat":"repeat","background-position":"center center","background-size":"auto","background-attachment":"scroll","background-type":"","background-media":"","overlay-type":"","overlay-color":"","overlay-opacity":"","overlay-gradient":""}},"ast-content-background-meta":{"desktop":{"background-color":"var(--ast-global-color-5)","background-image":"","background-repeat":"repeat","background-position":"center center","background-size":"auto","background-attachment":"scroll","background-type":"","background-media":"","overlay-type":"","overlay-color":"","overlay-opacity":"","overlay-gradient":""},"tablet":{"background-color":"var(--ast-global-color-5)","background-image":"","background-repeat":"repeat","background-position":"center center","background-size":"auto","background-attachment":"scroll","background-type":"","background-media":"","overlay-type":"","overlay-color":"","overlay-opacity":"","overlay-gradient":""},"mobile":{"background-color":"var(--ast-global-color-5)","background-image":"","background-repeat":"repeat","background-position":"center center","background-size":"auto","background-attachment":"scroll","background-type":"","background-media":"","overlay-type":"","overlay-color":"","overlay-opacity":"","overlay-gradient":""}},"ultp_fs_post_author":"","ultp_fs_post_email":"","ultp_fs_post_author_url":"","footnotes":""},"categories":[446],"tags":[66,485,5,7,35],"class_list":["post-576","post","type-post","status-publish","format-standard","has-post-thumbnail","hentry","category-noticias","tag-cocaina","tag-estadisticas","tag-formacion","tag-juventud","tag-tratamiento"],"acf":[],"_links":{"self":[{"href":"https:\/\/proyectoadicciones.com\/revista\/wp-json\/wp\/v2\/posts\/576","targetHints":{"allow":["GET"]}}],"collection":[{"href":"https:\/\/proyectoadicciones.com\/revista\/wp-json\/wp\/v2\/posts"}],"about":[{"href":"https:\/\/proyectoadicciones.com\/revista\/wp-json\/wp\/v2\/types\/post"}],"author":[{"embeddable":true,"href":"https:\/\/proyectoadicciones.com\/revista\/wp-json\/wp\/v2\/users\/2"}],"replies":[{"embeddable":true,"href":"https:\/\/proyectoadicciones.com\/revista\/wp-json\/wp\/v2\/comments?post=576"}],"version-history":[{"count":0,"href":"https:\/\/proyectoadicciones.com\/revista\/wp-json\/wp\/v2\/posts\/576\/revisions"}],"wp:featuredmedia":[{"embeddable":true,"href":"https:\/\/proyectoadicciones.com\/revista\/wp-json\/wp\/v2\/media\/2103"}],"wp:attachment":[{"href":"https:\/\/proyectoadicciones.com\/revista\/wp-json\/wp\/v2\/media?parent=576"}],"wp:term":[{"taxonomy":"category","embeddable":true,"href":"https:\/\/proyectoadicciones.com\/revista\/wp-json\/wp\/v2\/categories?post=576"},{"taxonomy":"post_tag","embeddable":true,"href":"https:\/\/proyectoadicciones.com\/revista\/wp-json\/wp\/v2\/tags?post=576"}],"curies":[{"name":"wp","href":"https:\/\/api.w.org\/{rel}","templated":true}]}}